{"id":5105,"date":"2025-10-23T04:18:15","date_gmt":"2025-10-23T00:18:15","guid":{"rendered":"https:\/\/nouzetwals.org\/non-categorise\/2025\/edyta-ozbek-et-dr-amish-seeruttun-discutent-de-nouzetwals-sur-teleplus-maurice\/"},"modified":"2025-11-24T18:16:49","modified_gmt":"2025-11-24T14:16:49","slug":"edyta-ozbek-et-dr-amish-seeruttun-discutent-de-nouzetwals-sur-teleplus-maurice","status":"publish","type":"post","link":"https:\/\/nouzetwals.org\/fr\/presse\/2025\/edyta-ozbek-et-dr-amish-seeruttun-discutent-de-nouzetwals-sur-teleplus-maurice\/","title":{"rendered":"Edyta Ozbek et Dr Amish Seeruttun discutent de NouZetwals sur T\u00e9l\u00e9Plus Maurice"},"content":{"rendered":"<p><div class=\"fusion-fullwidth fullwidth-box fusion-builder-row-1 fusion-flex-container has-pattern-background has-mask-background nonhundred-percent-fullwidth non-hundred-percent-height-scrolling\" style=\"--awb-border-radius-top-left:0px;--awb-border-radius-top-right:0px;--awb-border-radius-bottom-right:0px;--awb-border-radius-bottom-left:0px;--awb-flex-wrap:wrap;\" ><div class=\"fusion-builder-row fusion-row fusion-flex-align-items-flex-start fusion-flex-content-wrap\" style=\"max-width:1248px;margin-left: calc(-4% \/ 2 );margin-right: calc(-4% \/ 2 );\"><div class=\"fusion-layout-column fusion_builder_column fusion-builder-column-0 fusion_builder_column_1_1 1_1 fusion-flex-column\" style=\"--awb-bg-size:cover;--awb-width-large:100%;--awb-margin-top-large:0px;--awb-spacing-right-large:1.92%;--awb-margin-bottom-large:0px;--awb-spacing-left-large:1.92%;--awb-width-medium:100%;--awb-order-medium:0;--awb-spacing-right-medium:1.92%;--awb-spacing-left-medium:1.92%;--awb-width-small:100%;--awb-order-small:0;--awb-spacing-right-small:1.92%;--awb-spacing-left-small:1.92%;\"><div class=\"fusion-column-wrapper fusion-column-has-shadow fusion-flex-justify-content-flex-start fusion-content-layout-column\"><div class=\"fusion-video fusion-youtube\" style=\"--awb-max-width:600px;--awb-max-height:350px;--awb-align-self:center;--awb-width:100%;\"><div class=\"video-shortcode\"><lite-youtube videoid=\"0WokJ4sb0rM\" class=\"landscape\" params=\"wmode=transparent&autoplay=1&amp;rel=0&amp;start=1666&amp;enablejsapi=1\" title=\"YouTube video player 1\" data-button-label=\"Play Video\" width=\"600\" height=\"350\" data-thumbnail-size=\"auto\" data-no-cookie=\"on\"><\/lite-youtube><\/div><\/div><\/div><\/div><\/div><\/div><div class=\"fusion-fullwidth fullwidth-box fusion-builder-row-2 fusion-flex-container nonhundred-percent-fullwidth non-hundred-percent-height-scrolling\" style=\"--awb-border-radius-top-left:0px;--awb-border-radius-top-right:0px;--awb-border-radius-bottom-right:0px;--awb-border-radius-bottom-left:0px;--awb-flex-wrap:wrap;\" ><div class=\"fusion-builder-row fusion-row fusion-flex-align-items-flex-start fusion-flex-content-wrap\" style=\"max-width:1248px;margin-left: calc(-4% \/ 2 );margin-right: calc(-4% \/ 2 );\"><div class=\"fusion-layout-column fusion_builder_column fusion-builder-column-1 fusion_builder_column_1_1 1_1 fusion-flex-column\" style=\"--awb-bg-size:cover;--awb-width-large:100%;--awb-margin-top-large:0px;--awb-spacing-right-large:1.92%;--awb-margin-bottom-large:0px;--awb-spacing-left-large:1.92%;--awb-width-medium:100%;--awb-spacing-right-medium:1.92%;--awb-spacing-left-medium:1.92%;--awb-width-small:100%;--awb-spacing-right-small:1.92%;--awb-spacing-left-small:1.92%;\"><div class=\"fusion-column-wrapper fusion-flex-justify-content-flex-start fusion-content-layout-column\"><div class=\"fusion-text fusion-text-1\"><p>Les fondateurs de <strong>NouZetwals \u2013 Health and Social Care Excellence Summit &amp; Awards<\/strong> ont r\u00e9cemment \u00e9t\u00e9 mis \u00e0 l\u2019honneur dans <strong>Info Soir\u00e9e<\/strong>, le journal t\u00e9l\u00e9vis\u00e9 de grande audience de <strong>T\u00e9l\u00e9Plus Maurice<\/strong>, afin de partager leur vision d\u2019une transformation de la <strong>culture de reconnaissance dans le secteur mauricien de la sant\u00e9 et du social<\/strong>. Anim\u00e9e par Doosheela Mansing, la conversation a mis en lumi\u00e8re la mission du mouvement : c\u00e9l\u00e9brer et valoriser les h\u00e9ros souvent m\u00e9connus du pays. <\/p>\n<p>Fond\u00e9 par Edyta Ozbek, une dirigeante internationale du secteur de la sant\u00e9 sp\u00e9cialis\u00e9e dans le d\u00e9veloppement des ressources humaines, et par Dr Amish Seeruttun, m\u00e9decin mauricien form\u00e9 en France, NouZetwals (qui signifie \u201cNos \u00c9toiles\u201d en cr\u00e9ole) vise \u00e0 instaurer une culture durable d\u2019appr\u00e9ciation, de mentorat et de d\u00e9veloppement professionnel, tant dans le secteur public que priv\u00e9.<\/p>\n<blockquote>\n<p>\u00ab Une \u00e9quipe engag\u00e9e offre de meilleurs r\u00e9sultats pour les patients \u00bb, a expliqu\u00e9 Edyta. \u00ab Nous voulons nous assurer que les professionnels soient soutenus, valoris\u00e9s et reconnus \u2014 car lorsque les gens sont fiers de leur travail, c\u2019est toute la communaut\u00e9 qui en b\u00e9n\u00e9ficie. \u00bb <\/p>\n<\/blockquote>\n<p>Au cours de l\u2019interview, Ozbek a pr\u00e9cis\u00e9 que le Health and Social Care Excellence Summit &amp; Awards, pr\u00e9vu pour avril 2026, sera le premier \u00e9v\u00e9nement national de ce type \u00e0 Maurice. L\u2019initiative r\u00e9compensera des professionnels dans 13 cat\u00e9gories, allant de l\u2019\u00c9tudiant(e) de l\u2019Ann\u00e9e au Prix d\u2019Excellence pour l\u2019Ensemble d\u2019une Carri\u00e8re, en couvrant \u00e0 la fois les r\u00f4les cliniques et non cliniques. Au-del\u00e0 de la reconnaissance, ces distinctions lanceront une s\u00e9rie de Programmes H\u00e9ritage destin\u00e9s \u00e0 renforcer la culture organisationnelle, le leadership et l&rsquo;engagement professionnel dans l\u2019ensemble du syst\u00e8me de sant\u00e9.  <\/p>\n<blockquote>\n<p>\u00ab Nous ne c\u00e9l\u00e9brons pas seulement l\u2019excellence \u00bb, a ajout\u00e9 Ozbek, \u00ab nous construisons un mouvement qui inspirera la prochaine g\u00e9n\u00e9ration de professionnels de sant\u00e9. \u00bb<\/p>\n<\/blockquote>\n<p>Le Dr Seeruttun a partag\u00e9 cette vision, soulignant la n\u00e9cessit\u00e9 d\u2019une meilleure visibilit\u00e9 et d\u2019un plus grand respect pour l\u2019ensemble des travailleurs de la sant\u00e9 \u2014 infirmiers, aides-soignants, techniciens, agents de soutien et bien d\u2019autres.<\/p>\n<blockquote>\n<p>\u00ab Il y a tellement de mains invisibles dans notre syst\u00e8me \u00bb, a-t-il rappel\u00e9. \u00ab Elles font partie int\u00e9grante de la cha\u00eene de soins et m\u00e9ritent d\u2019\u00eatre reconnues pour le travail remarquable qu\u2019elles accomplissent. \u00bb <\/p>\n<\/blockquote>\n<p>Les deux invit\u00e9s ont insist\u00e9 sur la nature inclusive du projet, qui accueille des participants de tous secteurs et de toutes professions. Des collaborations avec le Minist\u00e8re de la Sant\u00e9 et des partenaires r\u00e9gionaux sont d\u00e9j\u00e0 en cours, avec l\u2019ambition d\u2019int\u00e9grer prochainement d\u2019autres pays de la SADC. <\/p>\n<blockquote>\n<p>\u00ab Ce n\u2019est pas seulement une c\u00e9r\u00e9monie de remise de prix \u00bb, a affirm\u00e9 le Dr Seeruttun. \u00ab C\u2019est un changement culturel qui mettra en lumi\u00e8re celles et ceux qui ont toujours \u00e9t\u00e9 pr\u00e9sents \u2014 nos \u00e9toiles. \u00bb <\/p>\n<\/blockquote>\n<p><a href=\"https:\/\/www.youtube.com\/watch?v=0WokJ4sb0rM\" target=\"_blank\" rel=\"noopener noreferrer\">L\u2019interview compl\u00e8te est d\u00e9sormais disponible sur T\u00e9l\u00e9Plus Maurice.<\/a> Restez connect\u00e9s pour les mises \u00e0 jour concernant les nominations et les modalit\u00e9s de participation, alors que NouZetwals poursuit sa mission : c\u00e9l\u00e9brer la compassion, l\u2019excellence et l\u2019unit\u00e9 au sein de la communaut\u00e9 de la sant\u00e9 et du social. <\/p>\n<\/div><\/div><\/div><\/div><\/div><\/p>\n","protected":false},"excerpt":{"rendered":"","protected":false},"author":2,"featured_media":5104,"comment_status":"closed","ping_status":"open","sticky":false,"template":"","format":"standard","meta":{"_acf_changed":false,"footnotes":""},"categories":[160],"tags":[163,161,162,164],"class_list":["post-5105","post","type-post","status-publish","format-standard","has-post-thumbnail","hentry","category-presse","tag-amish-seeruttun","tag-edyta-ozbek","tag-info-soiree-teleplus","tag-teleplus"],"acf":[],"yoast_head":"<!-- This site is optimized with the Yoast SEO plugin v27.4 - https:\/\/yoast.com\/product\/yoast-seo-wordpress\/ -->\n<title>Edyta Ozbek et Dr Amish Seeruttun discutent de NouZetwals sur T\u00e9l\u00e9Plus Maurice - NouZetwals<\/title>\n<meta name=\"robots\" content=\"index, follow, max-snippet:-1, max-image-preview:large, max-video-preview:-1\" \/>\n<link rel=\"canonical\" href=\"https:\/\/nouzetwals.org\/fr\/presse\/2025\/edyta-ozbek-et-dr-amish-seeruttun-discutent-de-nouzetwals-sur-teleplus-maurice\/\" \/>\n<meta property=\"og:locale\" content=\"fr_FR\" \/>\n<meta property=\"og:type\" content=\"article\" \/>\n<meta property=\"og:title\" content=\"Edyta Ozbek et Dr Amish Seeruttun discutent de NouZetwals sur T\u00e9l\u00e9Plus Maurice - NouZetwals\" \/>\n<meta property=\"og:url\" content=\"https:\/\/nouzetwals.org\/fr\/presse\/2025\/edyta-ozbek-et-dr-amish-seeruttun-discutent-de-nouzetwals-sur-teleplus-maurice\/\" \/>\n<meta property=\"og:site_name\" content=\"NouZetwals\" \/>\n<meta property=\"article:publisher\" content=\"https:\/\/www.facebook.com\/nouzetwals\" \/>\n<meta property=\"article:published_time\" content=\"2025-10-23T00:18:15+00:00\" \/>\n<meta property=\"article:modified_time\" content=\"2025-11-24T14:16:49+00:00\" \/>\n<meta property=\"og:image\" content=\"https:\/\/nouzetwals.org\/wp-content\/uploads\/2025\/10\/noteG6Lx73g-SD.webp\" \/>\n\t<meta property=\"og:image:width\" content=\"640\" \/>\n\t<meta property=\"og:image:height\" content=\"360\" \/>\n\t<meta property=\"og:image:type\" content=\"image\/jpeg\" \/>\n<meta name=\"author\" content=\"Marc Baugh\" \/>\n<meta name=\"twitter:card\" content=\"summary_large_image\" \/>\n<meta name=\"twitter:label1\" content=\"\u00c9crit par\" \/>\n\t<meta name=\"twitter:data1\" content=\"Marc Baugh\" \/>\n\t<meta name=\"twitter:label2\" content=\"Dur\u00e9e de lecture estim\u00e9e\" \/>\n\t<meta name=\"twitter:data2\" content=\"7 minutes\" \/>\n<script type=\"application\/ld+json\" class=\"yoast-schema-graph\">{\"@context\":\"https:\\\/\\\/schema.org\",\"@graph\":[{\"@type\":\"Article\",\"@id\":\"https:\\\/\\\/nouzetwals.org\\\/fr\\\/presse\\\/2025\\\/edyta-ozbek-et-dr-amish-seeruttun-discutent-de-nouzetwals-sur-teleplus-maurice\\\/#article\",\"isPartOf\":{\"@id\":\"https:\\\/\\\/nouzetwals.org\\\/fr\\\/presse\\\/2025\\\/edyta-ozbek-et-dr-amish-seeruttun-discutent-de-nouzetwals-sur-teleplus-maurice\\\/\"},\"author\":{\"name\":\"Marc Baugh\",\"@id\":\"https:\\\/\\\/nouzetwals.org\\\/fr\\\/#\\\/schema\\\/person\\\/30d9170932ebd3914ae4be3d315bf454\"},\"headline\":\"Edyta Ozbek et Dr Amish Seeruttun discutent de NouZetwals sur T\u00e9l\u00e9Plus Maurice\",\"datePublished\":\"2025-10-23T00:18:15+00:00\",\"dateModified\":\"2025-11-24T14:16:49+00:00\",\"mainEntityOfPage\":{\"@id\":\"https:\\\/\\\/nouzetwals.org\\\/fr\\\/presse\\\/2025\\\/edyta-ozbek-et-dr-amish-seeruttun-discutent-de-nouzetwals-sur-teleplus-maurice\\\/\"},\"wordCount\":1402,\"publisher\":{\"@id\":\"https:\\\/\\\/nouzetwals.org\\\/fr\\\/#organization\"},\"image\":{\"@id\":\"https:\\\/\\\/nouzetwals.org\\\/fr\\\/presse\\\/2025\\\/edyta-ozbek-et-dr-amish-seeruttun-discutent-de-nouzetwals-sur-teleplus-maurice\\\/#primaryimage\"},\"thumbnailUrl\":\"https:\\\/\\\/nouzetwals.org\\\/wp-content\\\/uploads\\\/2025\\\/10\\\/noteG6Lx73g-SD.webp\",\"keywords\":[\"Amish Seeruttun\",\"Edyta Ozbek\",\"Info Soir\u00e9e - T\u00e9l\u00e9Plus\",\"T\u00e9l\u00e9Plus\"],\"articleSection\":[\"Presse\"],\"inLanguage\":\"fr-FR\"},{\"@type\":\"WebPage\",\"@id\":\"https:\\\/\\\/nouzetwals.org\\\/fr\\\/presse\\\/2025\\\/edyta-ozbek-et-dr-amish-seeruttun-discutent-de-nouzetwals-sur-teleplus-maurice\\\/\",\"url\":\"https:\\\/\\\/nouzetwals.org\\\/fr\\\/presse\\\/2025\\\/edyta-ozbek-et-dr-amish-seeruttun-discutent-de-nouzetwals-sur-teleplus-maurice\\\/\",\"name\":\"Edyta Ozbek et Dr Amish Seeruttun discutent de NouZetwals sur T\u00e9l\u00e9Plus Maurice - NouZetwals\",\"isPartOf\":{\"@id\":\"https:\\\/\\\/nouzetwals.org\\\/fr\\\/#website\"},\"primaryImageOfPage\":{\"@id\":\"https:\\\/\\\/nouzetwals.org\\\/fr\\\/presse\\\/2025\\\/edyta-ozbek-et-dr-amish-seeruttun-discutent-de-nouzetwals-sur-teleplus-maurice\\\/#primaryimage\"},\"image\":{\"@id\":\"https:\\\/\\\/nouzetwals.org\\\/fr\\\/presse\\\/2025\\\/edyta-ozbek-et-dr-amish-seeruttun-discutent-de-nouzetwals-sur-teleplus-maurice\\\/#primaryimage\"},\"thumbnailUrl\":\"https:\\\/\\\/nouzetwals.org\\\/wp-content\\\/uploads\\\/2025\\\/10\\\/noteG6Lx73g-SD.webp\",\"datePublished\":\"2025-10-23T00:18:15+00:00\",\"dateModified\":\"2025-11-24T14:16:49+00:00\",\"breadcrumb\":{\"@id\":\"https:\\\/\\\/nouzetwals.org\\\/fr\\\/presse\\\/2025\\\/edyta-ozbek-et-dr-amish-seeruttun-discutent-de-nouzetwals-sur-teleplus-maurice\\\/#breadcrumb\"},\"inLanguage\":\"fr-FR\",\"potentialAction\":[{\"@type\":\"ReadAction\",\"target\":[\"https:\\\/\\\/nouzetwals.org\\\/fr\\\/presse\\\/2025\\\/edyta-ozbek-et-dr-amish-seeruttun-discutent-de-nouzetwals-sur-teleplus-maurice\\\/\"]}]},{\"@type\":\"ImageObject\",\"inLanguage\":\"fr-FR\",\"@id\":\"https:\\\/\\\/nouzetwals.org\\\/fr\\\/presse\\\/2025\\\/edyta-ozbek-et-dr-amish-seeruttun-discutent-de-nouzetwals-sur-teleplus-maurice\\\/#primaryimage\",\"url\":\"https:\\\/\\\/nouzetwals.org\\\/wp-content\\\/uploads\\\/2025\\\/10\\\/noteG6Lx73g-SD.webp\",\"contentUrl\":\"https:\\\/\\\/nouzetwals.org\\\/wp-content\\\/uploads\\\/2025\\\/10\\\/noteG6Lx73g-SD.webp\",\"width\":640,\"height\":360},{\"@type\":\"BreadcrumbList\",\"@id\":\"https:\\\/\\\/nouzetwals.org\\\/fr\\\/presse\\\/2025\\\/edyta-ozbek-et-dr-amish-seeruttun-discutent-de-nouzetwals-sur-teleplus-maurice\\\/#breadcrumb\",\"itemListElement\":[{\"@type\":\"ListItem\",\"position\":1,\"name\":\"Home\",\"item\":\"https:\\\/\\\/nouzetwals.org\\\/fr\\\/nouzetwals-accueil\\\/\"},{\"@type\":\"ListItem\",\"position\":2,\"name\":\"Edyta Ozbek et Dr Amish Seeruttun discutent de NouZetwals sur T\u00e9l\u00e9Plus Maurice\"}]},{\"@type\":\"WebSite\",\"@id\":\"https:\\\/\\\/nouzetwals.org\\\/fr\\\/#website\",\"url\":\"https:\\\/\\\/nouzetwals.org\\\/fr\\\/\",\"name\":\"NouZetwals\",\"description\":\"Health &amp; Social Care Excellence Awards\",\"publisher\":{\"@id\":\"https:\\\/\\\/nouzetwals.org\\\/fr\\\/#organization\"},\"potentialAction\":[{\"@type\":\"SearchAction\",\"target\":{\"@type\":\"EntryPoint\",\"urlTemplate\":\"https:\\\/\\\/nouzetwals.org\\\/fr\\\/?s={search_term_string}\"},\"query-input\":{\"@type\":\"PropertyValueSpecification\",\"valueRequired\":true,\"valueName\":\"search_term_string\"}}],\"inLanguage\":\"fr-FR\"},{\"@type\":\"Organization\",\"@id\":\"https:\\\/\\\/nouzetwals.org\\\/fr\\\/#organization\",\"name\":\"NouZetwals Limited\",\"url\":\"https:\\\/\\\/nouzetwals.org\\\/fr\\\/\",\"logo\":{\"@type\":\"ImageObject\",\"inLanguage\":\"fr-FR\",\"@id\":\"https:\\\/\\\/nouzetwals.org\\\/fr\\\/#\\\/schema\\\/logo\\\/image\\\/\",\"url\":\"https:\\\/\\\/nouzetwals.org\\\/wp-content\\\/uploads\\\/2025\\\/10\\\/logo-nouzetwals-color-subtitle-1.webp\",\"contentUrl\":\"https:\\\/\\\/nouzetwals.org\\\/wp-content\\\/uploads\\\/2025\\\/10\\\/logo-nouzetwals-color-subtitle-1.webp\",\"width\":385,\"height\":72,\"caption\":\"NouZetwals Limited\"},\"image\":{\"@id\":\"https:\\\/\\\/nouzetwals.org\\\/fr\\\/#\\\/schema\\\/logo\\\/image\\\/\"},\"sameAs\":[\"https:\\\/\\\/www.facebook.com\\\/nouzetwals\",\"https:\\\/\\\/www.instagram.com\\\/nouzetwals\\\/\",\"https:\\\/\\\/www.linkedin.com\\\/company\\\/nouzetwals\",\"https:\\\/\\\/www.tiktok.com\\\/@nouzetwals\"]},{\"@type\":\"Person\",\"@id\":\"https:\\\/\\\/nouzetwals.org\\\/fr\\\/#\\\/schema\\\/person\\\/30d9170932ebd3914ae4be3d315bf454\",\"name\":\"Marc Baugh\",\"image\":{\"@type\":\"ImageObject\",\"inLanguage\":\"fr-FR\",\"@id\":\"https:\\\/\\\/nouzetwals.org\\\/wp-content\\\/litespeed\\\/avatar\\\/4b784d362220c0c3f5006b41d15d7490.jpg?ver=1776978440\",\"url\":\"https:\\\/\\\/nouzetwals.org\\\/wp-content\\\/litespeed\\\/avatar\\\/4b784d362220c0c3f5006b41d15d7490.jpg?ver=1776978440\",\"contentUrl\":\"https:\\\/\\\/nouzetwals.org\\\/wp-content\\\/litespeed\\\/avatar\\\/4b784d362220c0c3f5006b41d15d7490.jpg?ver=1776978440\",\"caption\":\"Marc Baugh\"},\"sameAs\":[\"https:\\\/\\\/monkkeys.com\"]}]}<\/script>\n<!-- \/ Yoast SEO plugin. -->","yoast_head_json":{"title":"Edyta Ozbek et Dr Amish Seeruttun discutent de NouZetwals sur T\u00e9l\u00e9Plus Maurice - NouZetwals","robots":{"index":"index","follow":"follow","max-snippet":"max-snippet:-1","max-image-preview":"max-image-preview:large","max-video-preview":"max-video-preview:-1"},"canonical":"https:\/\/nouzetwals.org\/fr\/presse\/2025\/edyta-ozbek-et-dr-amish-seeruttun-discutent-de-nouzetwals-sur-teleplus-maurice\/","og_locale":"fr_FR","og_type":"article","og_title":"Edyta Ozbek et Dr Amish Seeruttun discutent de NouZetwals sur T\u00e9l\u00e9Plus Maurice - NouZetwals","og_url":"https:\/\/nouzetwals.org\/fr\/presse\/2025\/edyta-ozbek-et-dr-amish-seeruttun-discutent-de-nouzetwals-sur-teleplus-maurice\/","og_site_name":"NouZetwals","article_publisher":"https:\/\/www.facebook.com\/nouzetwals","article_published_time":"2025-10-23T00:18:15+00:00","article_modified_time":"2025-11-24T14:16:49+00:00","og_image":[{"width":640,"height":360,"url":"https:\/\/nouzetwals.org\/wp-content\/uploads\/2025\/10\/noteG6Lx73g-SD.webp","type":"image\/jpeg"}],"author":"Marc Baugh","twitter_card":"summary_large_image","twitter_misc":{"\u00c9crit par":"Marc Baugh","Dur\u00e9e de lecture estim\u00e9e":"7 minutes"},"schema":{"@context":"https:\/\/schema.org","@graph":[{"@type":"Article","@id":"https:\/\/nouzetwals.org\/fr\/presse\/2025\/edyta-ozbek-et-dr-amish-seeruttun-discutent-de-nouzetwals-sur-teleplus-maurice\/#article","isPartOf":{"@id":"https:\/\/nouzetwals.org\/fr\/presse\/2025\/edyta-ozbek-et-dr-amish-seeruttun-discutent-de-nouzetwals-sur-teleplus-maurice\/"},"author":{"name":"Marc Baugh","@id":"https:\/\/nouzetwals.org\/fr\/#\/schema\/person\/30d9170932ebd3914ae4be3d315bf454"},"headline":"Edyta Ozbek et Dr Amish Seeruttun discutent de NouZetwals sur T\u00e9l\u00e9Plus Maurice","datePublished":"2025-10-23T00:18:15+00:00","dateModified":"2025-11-24T14:16:49+00:00","mainEntityOfPage":{"@id":"https:\/\/nouzetwals.org\/fr\/presse\/2025\/edyta-ozbek-et-dr-amish-seeruttun-discutent-de-nouzetwals-sur-teleplus-maurice\/"},"wordCount":1402,"publisher":{"@id":"https:\/\/nouzetwals.org\/fr\/#organization"},"image":{"@id":"https:\/\/nouzetwals.org\/fr\/presse\/2025\/edyta-ozbek-et-dr-amish-seeruttun-discutent-de-nouzetwals-sur-teleplus-maurice\/#primaryimage"},"thumbnailUrl":"https:\/\/nouzetwals.org\/wp-content\/uploads\/2025\/10\/noteG6Lx73g-SD.webp","keywords":["Amish Seeruttun","Edyta Ozbek","Info Soir\u00e9e - T\u00e9l\u00e9Plus","T\u00e9l\u00e9Plus"],"articleSection":["Presse"],"inLanguage":"fr-FR"},{"@type":"WebPage","@id":"https:\/\/nouzetwals.org\/fr\/presse\/2025\/edyta-ozbek-et-dr-amish-seeruttun-discutent-de-nouzetwals-sur-teleplus-maurice\/","url":"https:\/\/nouzetwals.org\/fr\/presse\/2025\/edyta-ozbek-et-dr-amish-seeruttun-discutent-de-nouzetwals-sur-teleplus-maurice\/","name":"Edyta Ozbek et Dr Amish Seeruttun discutent de NouZetwals sur T\u00e9l\u00e9Plus Maurice - NouZetwals","isPartOf":{"@id":"https:\/\/nouzetwals.org\/fr\/#website"},"primaryImageOfPage":{"@id":"https:\/\/nouzetwals.org\/fr\/presse\/2025\/edyta-ozbek-et-dr-amish-seeruttun-discutent-de-nouzetwals-sur-teleplus-maurice\/#primaryimage"},"image":{"@id":"https:\/\/nouzetwals.org\/fr\/presse\/2025\/edyta-ozbek-et-dr-amish-seeruttun-discutent-de-nouzetwals-sur-teleplus-maurice\/#primaryimage"},"thumbnailUrl":"https:\/\/nouzetwals.org\/wp-content\/uploads\/2025\/10\/noteG6Lx73g-SD.webp","datePublished":"2025-10-23T00:18:15+00:00","dateModified":"2025-11-24T14:16:49+00:00","breadcrumb":{"@id":"https:\/\/nouzetwals.org\/fr\/presse\/2025\/edyta-ozbek-et-dr-amish-seeruttun-discutent-de-nouzetwals-sur-teleplus-maurice\/#breadcrumb"},"inLanguage":"fr-FR","potentialAction":[{"@type":"ReadAction","target":["https:\/\/nouzetwals.org\/fr\/presse\/2025\/edyta-ozbek-et-dr-amish-seeruttun-discutent-de-nouzetwals-sur-teleplus-maurice\/"]}]},{"@type":"ImageObject","inLanguage":"fr-FR","@id":"https:\/\/nouzetwals.org\/fr\/presse\/2025\/edyta-ozbek-et-dr-amish-seeruttun-discutent-de-nouzetwals-sur-teleplus-maurice\/#primaryimage","url":"https:\/\/nouzetwals.org\/wp-content\/uploads\/2025\/10\/noteG6Lx73g-SD.webp","contentUrl":"https:\/\/nouzetwals.org\/wp-content\/uploads\/2025\/10\/noteG6Lx73g-SD.webp","width":640,"height":360},{"@type":"BreadcrumbList","@id":"https:\/\/nouzetwals.org\/fr\/presse\/2025\/edyta-ozbek-et-dr-amish-seeruttun-discutent-de-nouzetwals-sur-teleplus-maurice\/#breadcrumb","itemListElement":[{"@type":"ListItem","position":1,"name":"Home","item":"https:\/\/nouzetwals.org\/fr\/nouzetwals-accueil\/"},{"@type":"ListItem","position":2,"name":"Edyta Ozbek et Dr Amish Seeruttun discutent de NouZetwals sur T\u00e9l\u00e9Plus Maurice"}]},{"@type":"WebSite","@id":"https:\/\/nouzetwals.org\/fr\/#website","url":"https:\/\/nouzetwals.org\/fr\/","name":"NouZetwals","description":"Health &amp; Social Care Excellence Awards","publisher":{"@id":"https:\/\/nouzetwals.org\/fr\/#organization"},"potentialAction":[{"@type":"SearchAction","target":{"@type":"EntryPoint","urlTemplate":"https:\/\/nouzetwals.org\/fr\/?s={search_term_string}"},"query-input":{"@type":"PropertyValueSpecification","valueRequired":true,"valueName":"search_term_string"}}],"inLanguage":"fr-FR"},{"@type":"Organization","@id":"https:\/\/nouzetwals.org\/fr\/#organization","name":"NouZetwals Limited","url":"https:\/\/nouzetwals.org\/fr\/","logo":{"@type":"ImageObject","inLanguage":"fr-FR","@id":"https:\/\/nouzetwals.org\/fr\/#\/schema\/logo\/image\/","url":"https:\/\/nouzetwals.org\/wp-content\/uploads\/2025\/10\/logo-nouzetwals-color-subtitle-1.webp","contentUrl":"https:\/\/nouzetwals.org\/wp-content\/uploads\/2025\/10\/logo-nouzetwals-color-subtitle-1.webp","width":385,"height":72,"caption":"NouZetwals Limited"},"image":{"@id":"https:\/\/nouzetwals.org\/fr\/#\/schema\/logo\/image\/"},"sameAs":["https:\/\/www.facebook.com\/nouzetwals","https:\/\/www.instagram.com\/nouzetwals\/","https:\/\/www.linkedin.com\/company\/nouzetwals","https:\/\/www.tiktok.com\/@nouzetwals"]},{"@type":"Person","@id":"https:\/\/nouzetwals.org\/fr\/#\/schema\/person\/30d9170932ebd3914ae4be3d315bf454","name":"Marc Baugh","image":{"@type":"ImageObject","inLanguage":"fr-FR","@id":"https:\/\/nouzetwals.org\/wp-content\/litespeed\/avatar\/4b784d362220c0c3f5006b41d15d7490.jpg?ver=1776978440","url":"https:\/\/nouzetwals.org\/wp-content\/litespeed\/avatar\/4b784d362220c0c3f5006b41d15d7490.jpg?ver=1776978440","contentUrl":"https:\/\/nouzetwals.org\/wp-content\/litespeed\/avatar\/4b784d362220c0c3f5006b41d15d7490.jpg?ver=1776978440","caption":"Marc Baugh"},"sameAs":["https:\/\/monkkeys.com"]}]}},"_links":{"self":[{"href":"https:\/\/nouzetwals.org\/fr\/wp-json\/wp\/v2\/posts\/5105","targetHints":{"allow":["GET"]}}],"collection":[{"href":"https:\/\/nouzetwals.org\/fr\/wp-json\/wp\/v2\/posts"}],"about":[{"href":"https:\/\/nouzetwals.org\/fr\/wp-json\/wp\/v2\/types\/post"}],"author":[{"embeddable":true,"href":"https:\/\/nouzetwals.org\/fr\/wp-json\/wp\/v2\/users\/2"}],"replies":[{"embeddable":true,"href":"https:\/\/nouzetwals.org\/fr\/wp-json\/wp\/v2\/comments?post=5105"}],"version-history":[{"count":2,"href":"https:\/\/nouzetwals.org\/fr\/wp-json\/wp\/v2\/posts\/5105\/revisions"}],"predecessor-version":[{"id":5107,"href":"https:\/\/nouzetwals.org\/fr\/wp-json\/wp\/v2\/posts\/5105\/revisions\/5107"}],"wp:featuredmedia":[{"embeddable":true,"href":"https:\/\/nouzetwals.org\/fr\/wp-json\/wp\/v2\/media\/5104"}],"wp:attachment":[{"href":"https:\/\/nouzetwals.org\/fr\/wp-json\/wp\/v2\/media?parent=5105"}],"wp:term":[{"taxonomy":"category","embeddable":true,"href":"https:\/\/nouzetwals.org\/fr\/wp-json\/wp\/v2\/categories?post=5105"},{"taxonomy":"post_tag","embeddable":true,"href":"https:\/\/nouzetwals.org\/fr\/wp-json\/wp\/v2\/tags?post=5105"}],"curies":[{"name":"wp","href":"https:\/\/api.w.org\/{rel}","templated":true}]}}